{"id":139934,"date":"2019-09-17T12:52:03","date_gmt":"2019-09-17T12:52:03","guid":{"rendered":"https:\/\/www.unepauseenprovence.com\/terre-et-mer-guest-house\/"},"modified":"2023-07-13T15:39:59","modified_gmt":"2023-07-13T15:39:59","slug":"terre-et-mer-guest-house","status":"publish","type":"post","link":"https:\/\/www.unepauseenprovence.com\/en\/terre-et-mer-guest-house\/","title":{"rendered":"Terre et Mer&#8221; guest house"},"content":{"rendered":"\t\t<div data-elementor-type=\"wp-post\" data-elementor-id=\"139934\" class=\"elementor elementor-139934 elementor-1043\" data-elementor-post-type=\"post\">\n\t\t\t\t\t\t<section class=\"elementor-section elementor-top-section elementor-element elementor-element-29b68b1f elementor-section-boxed elementor-section-height-default elementor-section-height-default\" data-id=\"29b68b1f\" data-element_type=\"section\">\n\t\t\t\t\t\t<div class=\"elementor-container elementor-column-gap-default\">\n\t\t\t\t\t<div class=\"elementor-column elementor-col-100 elementor-top-column elementor-element elementor-element-20fcd804\" data-id=\"20fcd804\" data-element_type=\"column\">\n\t\t\t<div class=\"elementor-widget-wrap elementor-element-populated\">\n\t\t\t\t\t\t<div class=\"elementor-element elementor-element-6b8007f4 elementor-widget elementor-widget-text-editor\" data-id=\"6b8007f4\" data-element_type=\"widget\" data-widget_type=\"text-editor.default\">\n\t\t\t\t<div class=\"elementor-widget-container\">\n\t\t\t\t\t\t\t\t\t<p>Our guest house &#8220;Une Pause en Provence&#8221; is located in an area that I would describe as both &#8220;Land and Sea&#8221;, offering everyone a wide range of activities for short stays or longer vacations.  <br \/><strong>Activities linked to the Earth<\/strong>: Gastronomy, Hiking, Heritage, Culture&#8230;<br \/>Sea-related <strong>activities<\/strong>: water sports, sea walks, beaches&#8230;<\/p>\n<p>Special mention will be made as events unfold at the <a href=\"http:\/\/www.circuitpaulricard.com\" rel=\"nofollow noopener\" target=\"_blank\">Circuit Paul Ricard in Le Castellet<\/a>.  <\/p>\n<p>Through this blog, I&#8217;ll be regularly covering a particular topic to inspire you to discover our beautiful Provence C\u00f4te d&#8217;Azur region, by staying in our guest house Une Pause en Provence, located at the heart of all these activities.<\/p>\n<p><strong>Gastronomic<\/strong> highlights include Ch\u00e2taigne du Massif des Maures, Nougat, Miel de Provence, Huile d&#8217;Olive de Provence, C\u00f4tes de Provence, Coteaux Varois and Bandol wines, and Solli\u00e8s-Pont, capital of the Fig.<\/p>\n<p>About <strong>hiking<\/strong>I&#8217;d like to share with you some ideas for routes of different levels and lengths, including the Chemin des Oratoires in Le Beausset and the Maison des 4 Fr\u00e8res in Le Beausset, the Massif de la Sainte Baume and the Grotte de Marie-Madeleine, the Massif du Gros Cerveau in Ollioules, Mont Faron and its various activities in Toulon, the Sentier du Littoral and the Sentier des Vignes (Saint Cyr sur Mer \/ Bandol \/ Sanary sur Mer).<\/p>\n<\/p>\n<p><img data-rjs=\"2\" fetchpriority=\"high\" decoding=\"async\" class=\"aligncenter wp-image-1120 size-large\" src=\"https:\/\/www.unepauseenprovence.com\/wp-content\/uploads\/2019\/09\/vingesbandol-1024x573.jpg\" alt=\"bandol vineyards\" width=\"1024\" height=\"573\" title=\"\" srcset=\"https:\/\/www.unepauseenprovence.com\/wp-content\/uploads\/2019\/09\/vingesbandol-1024x573.jpg 1024w, https:\/\/www.unepauseenprovence.com\/wp-content\/uploads\/2019\/09\/vingesbandol-600x336.jpg 600w, https:\/\/www.unepauseenprovence.com\/wp-content\/uploads\/2019\/09\/vingesbandol-300x168.jpg 300w, https:\/\/www.unepauseenprovence.com\/wp-content\/uploads\/2019\/09\/vingesbandol-768x430.jpg 768w, https:\/\/www.unepauseenprovence.com\/wp-content\/uploads\/2019\/09\/vingesbandol-80x45.jpg 80w, https:\/\/www.unepauseenprovence.com\/wp-content\/uploads\/2019\/09\/vingesbandol-143x80.jpg 143w, https:\/\/www.unepauseenprovence.com\/wp-content\/uploads\/2019\/09\/vingesbandol-394x221.jpg 394w, https:\/\/www.unepauseenprovence.com\/wp-content\/uploads\/2019\/09\/vingesbandol-915x512.jpg 915w, https:\/\/www.unepauseenprovence.com\/wp-content\/uploads\/2019\/09\/vingesbandol-1240x694.jpg 1240w, https:\/\/www.unepauseenprovence.com\/wp-content\/uploads\/2019\/09\/vingesbandol.jpg 1290w\" sizes=\"(max-width: 1024px) 100vw, 1024px\" \/><\/p>\n<p>The <strong>Heritage<\/strong> tour will take in the villages of Le Castellet, La Cadi\u00e8re d&#8217;Azur, the village and port of Cassis, the Chartreuse de la Verne in Collobri\u00e8re, the Abbaye du Thoronet, and the famous Notre Dame de la Garde in Marseille.<\/p>\n<p>The Provence-C\u00f4te d&#8217;Azur region is also rich in <strong>culture<\/strong>. We&#8217;ll take in the streets of Aix en Provence and its museums, the famous Mus\u00e9e de la Marine in Toulon and the Mus\u00e9e des Arts de Toulon (M.A.T), the famous Mucem in Marseille, as well as La Villa Carmignac in Porquerolles (contemporary arts museum) and, on the way back, the old streets of downtown Hy\u00e8res les Palmiers and its Templar tower.<\/p>\n<p>For activities related to the sea, there are first and foremost <strong>water sports<\/strong>. I&#8217;m not going to write much about it, since all you have to do is practice them depending on whether or not you&#8217;re an athlete! I&#8217;ll just give you some good addresses<a href=\"http:\/\/www.lecques-aquanaut.fr\" rel=\"nofollow noopener\" target=\"_blank\">(scuba diving<\/a>, paddling, <a href=\"https:\/\/www.saint-cyr-kayak.com\/\" rel=\"nofollow noopener\" target=\"_blank\">canoeing<\/a>&#8230;).<\/p>\n<p><a href=\"http:\/\/www.dolcefregate-golf-provence.com\" rel=\"nofollow noopener\" target=\"_blank\">Golf Dolce Fr\u00e9gate<\/a> in Saint Cyr sur Mer doesn&#8217;t fall into the water sports category, but is nevertheless featured here, thanks to its exceptional seaside location.  <\/p>\n<p>On the other hand, the <strong>Promenades Maritimes<\/strong> will be developed, because they are simply magical! We&#8217;ll be talking about visits to the island of Bendor opposite <a href=\"http:\/\/www.bandoltourisme.fr\" rel=\"nofollow noopener\" target=\"_blank\">Bandol<\/a> and the islands of Les Embiez off Six-fours-les-Plages, the Golden Isles (Porquerolles &#8211; Port Cros &#8211; Le Levant) off Hy\u00e8res les Palmiers and the famous Calanques of Cassis.  <\/p>\n<p><img data-rjs=\"2\" decoding=\"async\" class=\"wp-image-1121 size-full aligncenter\" src=\"https:\/\/www.unepauseenprovence.com\/wp-content\/uploads\/2019\/09\/calanquesdecassis.jpg\" alt=\"calanques de Cassis\" width=\"500\" height=\"375\" title=\"\" srcset=\"https:\/\/www.unepauseenprovence.com\/wp-content\/uploads\/2019\/09\/calanquesdecassis.jpg 500w, https:\/\/www.unepauseenprovence.com\/wp-content\/uploads\/2019\/09\/calanquesdecassis-300x225.jpg 300w, https:\/\/www.unepauseenprovence.com\/wp-content\/uploads\/2019\/09\/calanquesdecassis-60x45.jpg 60w, https:\/\/www.unepauseenprovence.com\/wp-content\/uploads\/2019\/09\/calanquesdecassis-107x80.jpg 107w, https:\/\/www.unepauseenprovence.com\/wp-content\/uploads\/2019\/09\/calanquesdecassis-394x296.jpg 394w\" sizes=\"(max-width: 500px) 100vw, 500px\" \/><\/p>\n<p>Finally, for those of you who enjoy a little &#8220;farniente&#8221;, I&#8217;ll give you a quick rundown of the beaches: those more or less frequented, those with sand or pebbles, etc.).<\/p>\n<p><img data-rjs=\"2\" decoding=\"async\" class=\"size-full wp-image-1122 aligncenter\" src=\"https:\/\/www.unepauseenprovence.com\/wp-content\/uploads\/2019\/09\/plagesproximite.jpg\" alt=\"nearby beaches\" width=\"500\" height=\"334\" title=\"\" srcset=\"https:\/\/www.unepauseenprovence.com\/wp-content\/uploads\/2019\/09\/plagesproximite.jpg 500w, https:\/\/www.unepauseenprovence.com\/wp-content\/uploads\/2019\/09\/plagesproximite-300x200.jpg 300w, https:\/\/www.unepauseenprovence.com\/wp-content\/uploads\/2019\/09\/plagesproximite-67x45.jpg 67w, https:\/\/www.unepauseenprovence.com\/wp-content\/uploads\/2019\/09\/plagesproximite-120x80.jpg 120w, https:\/\/www.unepauseenprovence.com\/wp-content\/uploads\/2019\/09\/plagesproximite-394x263.jpg 394w\" sizes=\"(max-width: 500px) 100vw, 500px\" \/><\/p>\n<p>But first, a little history&#8230;History of the Var (source: Direction de la communication \/ D\u00e9partement du Var)<\/p>\n<p><strong>1) From prehistory to antiquity :<\/strong><\/p>\n<p>From prehistory to Roman times, the Var has a long history spanning almost 3,000 years, as evidenced by the many vestiges of the past. From the Neolithic period, you can discover the Pierre de la f\u00e9e dolmen in Draguignan, the rock paintings of a sanctuary in Brignoles or the Vieux Mouno\u00ef cave in Signes, used as a sheepfold since that time.<br \/>Around 500 BC, the Var was populated by Ligurians, soon joined by Celts, who formed the Celto-Ligurian people of southeastern France.<br \/>The Greeks founded Marseille around 600 BC. In the following centuries, they established trading posts along the Var coast, including Tauroeis in Le Brusc, Olbia in Hy\u00e8res and Heraclea Caccabaria in Cavalaire.<br \/>The Romans have been here since the 2nd century BC. in a region that still owes them its name Provincia (Provence).<br \/>Today&#8217;s Var department is crossed by one of the most important Roman roads, the Via Aurelia, leading from Italy to Spain.<br \/>A Roman column, Forum Julii (Fr\u00e9jus), was founded around 49 BC. It was to become a major military port, as evidenced by the size of the aqueduct, amphitheatre and other Roman monuments. Telo Martius (Toulon), the other major Roman city, was a trading port.<\/p>\n<p><strong>2) From the end of the Roman Empire to the French Revolution :<\/strong><\/p>\n<p>Christianity appeared early in Provence: Fr\u00e9jus became the seat of a bishopric shortly after 374, Toulon around 441. The decline of the Roman Empire and the High Middle Ages were periods of unrest, insecurity and intermingling of populations: Visigoths, Burgundians and Franks invaded Provence and the Var, which also saw Saracen raids and pillaging.<br \/>Villages fortified with ramparts on the peaks, the only defence against troublemakers, date back to this period. The Count of Provence Guillaume I restored order at the end of the 10th century. As part of the Holy Roman Empire, which exercised a very distant authority, the County of Provence passed to the family of the Counts of Barcelona (1112-1245), then to that of the Counts of Anjou, who descended from one of the brothers of Saint Louis (1245-1481). The most important monasteries in the Var were founded in the 11th and 12th centuries: the abbeys of La Celle and Le Thoronet, and the Carthusian monasteries of Montrieux in M\u00e9ounes-les-Montrieux and La Verne in Collobri\u00e8res. The Romanesque part of Fr\u00e9jus Cathedral was built at the same time. Begun in the 13th century, the Basilica of Saint Maximin is the department&#8217;s principal Gothic building.<br \/>In the 14th century, the territory of what is now the Var department was severely affected by plagues and wars. Joined with the County of Provence to France in 1481, its position as the kingdom&#8217;s frontier meant that it was periodically crossed by enemy armies from the 16th to the 18th century. It was also affected by the Wars of Religion and the Fronde. Between 1681 and 1701, under the reign of Louis XIV, Vauban equipped Toulon with impressive fortifications, making it a strategic location for military installations of the time and, later, France&#8217;s largest war port.<\/p>\n<p><strong>3) From the birth of the d\u00e9partement to the present day :<\/strong><\/p>\n<p>The birth of the Var d\u00e9partement, comprising the south-eastern part of Provence, was officially proclaimed on September 26, 1790. Toulon, initially designated as the department&#8217;s capital, was punished for surrendering to the English in 1793. The capital became Grasse, Brignoles and then Draguignan from 1797 to 1974. In 1860, the arrondissement of Grasse was separated from the Var department to form the Alpes Maritimes department with the former county of Nice. The Var River no longer crosses the department to which it gave its name.<br \/>The 19th and early 20th centuries were, on the whole, a period of prosperity and economic development, but also the birth of a rather progressive political consciousness.<br \/>Alongside the rural exodus, the Var was marked by the creation of railroads, the development of major industrial centers around Toulon and La Seyne sur Mer, the specialization of agriculture (fruit and vegetables, wine, flowers) and the beginnings of tourism. The d\u00e9partement was the scene of two major events in the Second World War: the scuttling of the Toulon fleet in 1942 and the Provence landings in August 1944.<br \/>In the second half of the 20th century, the Var grew, doubling its population and becoming a leading tourist destination. In 1974, Toulon once again became the capital of the Var region, while Draguignan and Brignoles became sub-prefectures.<\/p>\n\t\t\t\t\t\t\t\t<\/div>\n\t\t\t\t<\/div>\n\t\t\t\t\t<\/div>\n\t\t<\/div>\n\t\t\t\t\t<\/div>\n\t\t<\/section>\n\t\t\t\t<\/div>\n\t\t","protected":false},"excerpt":{"rendered":"<p>Our guest house &#8220;Une Pause en Provence&#8221; is located in an area that I would describe as both &#8220;Land and Sea&#8221;, offering everyone a wide range of activities for short stays or longer vacations. Activities linked to the Earth: Gastronomy, &hellip; <a href=\"https:\/\/www.unepauseenprovence.com\/en\/terre-et-mer-guest-house\/\">Read More<\/a><\/p>\n","protected":false},"author":1,"featured_media":139736,"comment_status":"closed","ping_status":"closed","sticky":false,"template":"","format":"standard","meta":{"_analytify_skip_tracking":false,"footnotes":""},"categories":[40],"tags":[],"class_list":["post-139934","post","type-post","status-publish","format-standard","has-post-thumbnail","hentry","category-uncategorized"],"_links":{"self":[{"href":"https:\/\/www.unepauseenprovence.com\/en\/wp-json\/wp\/v2\/posts\/139934","targetHints":{"allow":["GET"]}}],"collection":[{"href":"https:\/\/www.unepauseenprovence.com\/en\/wp-json\/wp\/v2\/posts"}],"about":[{"href":"https:\/\/www.unepauseenprovence.com\/en\/wp-json\/wp\/v2\/types\/post"}],"author":[{"embeddable":true,"href":"https:\/\/www.unepauseenprovence.com\/en\/wp-json\/wp\/v2\/users\/1"}],"replies":[{"embeddable":true,"href":"https:\/\/www.unepauseenprovence.com\/en\/wp-json\/wp\/v2\/comments?post=139934"}],"version-history":[{"count":2,"href":"https:\/\/www.unepauseenprovence.com\/en\/wp-json\/wp\/v2\/posts\/139934\/revisions"}],"predecessor-version":[{"id":139946,"href":"https:\/\/www.unepauseenprovence.com\/en\/wp-json\/wp\/v2\/posts\/139934\/revisions\/139946"}],"wp:featuredmedia":[{"embeddable":true,"href":"https:\/\/www.unepauseenprovence.com\/en\/wp-json\/wp\/v2\/media\/139736"}],"wp:attachment":[{"href":"https:\/\/www.unepauseenprovence.com\/en\/wp-json\/wp\/v2\/media?parent=139934"}],"wp:term":[{"taxonomy":"category","embeddable":true,"href":"https:\/\/www.unepauseenprovence.com\/en\/wp-json\/wp\/v2\/categories?post=139934"},{"taxonomy":"post_tag","embeddable":true,"href":"https:\/\/www.unepauseenprovence.com\/en\/wp-json\/wp\/v2\/tags?post=139934"}],"curies":[{"name":"wp","href":"https:\/\/api.w.org\/{rel}","templated":true}]}}